{"id":48,"date":"2012-04-24T20:55:23","date_gmt":"2012-04-25T01:55:23","guid":{"rendered":"http:\/\/vaderf.wordpress.com\/?p=48"},"modified":"2012-04-24T20:55:23","modified_gmt":"2012-04-25T01:55:23","slug":"mystere-et-vitres-teintees","status":"publish","type":"post","link":"https:\/\/blog.vaderf.com\/index.php\/2012\/04\/24\/mystere-et-vitres-teintees\/","title":{"rendered":"Myst\u00e8re et vitres teint\u00e9es&#8230;"},"content":{"rendered":"<p align=\"justify\">C\u2019est parti pour un cinqui\u00e8me tour\u00a0!! Il faut bien dire que la routine commence clairement \u00e0 s\u2019installer&#8230; Il ne m\u2019arrive plus vraiment de choses passionnantes (en tout cas pour le moment). Je pense que le rythme des publications s\u2019\u00e9talera un peu (on va essayer un rythme bimensuel), histoire d\u2019avoir des choses \u00e0 vous raconter.<\/p>\n<p align=\"justify\">Mais je vais tout de m\u00eame vous faire part de mon unique et \u00f4 combien passionnante aventure de la semaine. Accrochez vos ceintures, nous allons parler voiture\u00a0!!<\/p>\n<p><strong>Pour \u00e9viter les coups de soleil, encore faut-il \u00eatre \u00e9quip\u00e9\u00a0!<\/strong><\/p>\n<p align=\"justify\">Comme je vous l\u2019avais d\u00e9j\u00e0 dit, dans mon petit coin, il y a pas mal de soleil. On peut m\u00eame dire qu\u2019on est plut\u00f4t bien loti. Mais qui dit soleil, dit \u00e9blouissement et grosse chaleur\u00a0! Or quand on passe une partie de sa journ\u00e9e dans une voiture, il vaut mieux \u00eatre \u00e0 l\u2019abri de notre cher astre.<br \/>\nLors de l\u2019achat de ma mouture texane, il m\u2019a \u00e9t\u00e9 propos\u00e9 de faire teinter mes vitres. Je dois bien avouer que c\u2019\u00e9tait une option qui m\u2019int\u00e9ressait, tout d\u2019abord parce que j\u2019avais bien remarqu\u00e9 que le soleil \u00e9tait assez pr\u00e9sent, mais \u00e9galement parce que beaucoup de monde poss\u00e9daient des vitres teint\u00e9es, indiquant une utilit\u00e9 certaine de la chose (bien que le comportement g\u00e9n\u00e9ral ne soit pas toujours le meilleur, ici je pense que c\u2019est quand m\u00eame le cas). Mon cher vendeur, qui prenait de mes nouvelles r\u00e9guli\u00e8rement, m\u2019a indiqu\u00e9 une entreprise sp\u00e9cialis\u00e9e dans la teinte de vitres de voiture. Il m\u2019a donc donn\u00e9 coordonn\u00e9es g\u00e9ographiques et t\u00e9l\u00e9phoniques. Je dois bien avouer qu\u2019au d\u00e9but, je voulais m\u2019y rendre directement pour prendre rendez-vous mais ayant mis un certain temps \u00e0 me d\u00e9placer, j\u2019ai d\u00e9cid\u00e9 d\u2019en prendre un par t\u00e9l\u00e9phone. Ah le t\u00e9l\u00e9phone, mon ami&#8230; L\u2019appel ne s\u2019est pas trop mal pass\u00e9 mais il est toujours difficile de comprendre les gens (surtout quand ils ont un accent texan) et de se faire comprendre&#8230; Mais quand il y a de l\u2019argent \u00e0 se faire, il ne faut pas s\u2019inqui\u00e9ter, ils feront tous les efforts du monde. Du coup, appel le lundi pour un rendez-vous le mardi entre midi et deux.<br \/>\nMon ami le GPS (gracieusement pr\u00eat\u00e9 par ma coll\u00e8gue australienne Claire) m\u2019est toujours d\u2019un pr\u00e9cieux secours lors de mes d\u00e9placements dans mon nouvel environnement (il faut dire qu\u2019il est assez difficile d\u2019avoir de bons rep\u00e8res). Cette fois-l\u00e0, il a encore assur\u00e9 un max\u00a0! Une fois l\u2019adresse rentr\u00e9e, direction ma petite entreprise qui ne semble pas conna\u00eetre la crise, surtout par ici. Prise en charge de la voiture \u00e0 13h, choix de la teinte des vitres\u00a0: un choix impos\u00e9 \u00e0 l\u2019avant par la loi (relativement clair pour pouvoir distinguer le conducteur) et choix libre \u00e0 l\u2019arri\u00e8re, \u00e0 savoir soit la m\u00eame teinte qu\u2019\u00e0 l\u2019avant, soit plus fonc\u00e9 pour le m\u00eame prix. Le petit moment de folie de la journ\u00e9e\u00a0: choisissons plus fonc\u00e9 \u00e0 l\u2019arri\u00e8re\u00a0! Je me doutais que la pose prendrait un certain temps. J\u2019avais donc amen\u00e9 un peu de lecture, histoire de patienter. Mais je dois bien dire que le service fut tout de m\u00eame assez rapide. Une heure plus tard les 5 vitres sur les 6 que compte ma voiture furent teint\u00e9es (le pare-brise ne l\u2019est pas, sans doute aussi impos\u00e9 par la loi). On me rend les cl\u00e9s de ma voiture nouvellement customis\u00e9e (ah, je peux vous dire qu\u2019elle a de la gueule\u00a0!) et on m\u2019indique les quelques consignes \u00e0 suivre pour les prochains jours\u00a0: ne pas baisser les vitres dans les trois prochains jours et ne pas laver l\u2019int\u00e9rieur des vitres dans le mois qui vient. Pour le paiement, celui-ci avait \u00e9t\u00e9 fait lors de l\u2019achat de la voiture. Mais j\u2019ai tout de m\u00eame eu la surprise d\u2019apprendre qu\u2019il m\u2019avait pr\u00e9par\u00e9 une facture de 110$ alors que l\u2019option m\u2019avait co\u00fbt\u00e9 200$&#8230; Ah, il n\u2019y a pas de petits profits chez les concessionnaires (qu&rsquo;ici s\u2019appelle <em>dealers<\/em>&#8230;). Je monte dans ma superbe voiture sur laquelle je ne devrais plus avoir de grosses d\u00e9penses pendant un certain temps. Petite explication technique concernant la teinte des vitres\u00a0: il s\u2019agit d\u2019un film fonc\u00e9, autocollant, pos\u00e9 sur la face interne des vitres. Le film semble \u00eatre pos\u00e9 \u00e0 l\u2019aide d\u2019un solvant, d\u2019o\u00f9 les pr\u00e9cautions pr\u00e9c\u00e9dentes pour \u00e9viter de le d\u00e9coller ou d\u00e9chirer. Les trois premiers jours correspondent \u00e0 une phrase de s\u00e9chage. D\u2019ailleurs lorsque j\u2019ai repris le volant, j\u2019ai eu la surprise de voir trouble \u00e0 travers ma vitre. Sur le coup, je me demandais si c\u2019\u00e9tait un \u00e9tat d\u00e9finitif. J\u2019ai pu v\u00e9rifier le soir m\u00eame que ce n&rsquo;\u00e9tait pas le cas puisque l\u2019effet commen\u00e7ait \u00e0 s\u2019estomper (le solvant s\u2019\u00e9vaporait). \u00c0 l\u2019heure actuelle plus aucune trace de quoique ce soit, je vois \u00e0 travers aussi bien qu\u2019avant.<br \/>\nMais qu\u2019en est-il de l\u2019efficacit\u00e9 de ces films ? Je ne pensais pas m\u2019en rendre compte si vite&#8230; J\u2019ai d\u00fb transporter un paquet en plein midi le lendemain. J\u2019avais mis ce paquet \u00e0 l\u2019arri\u00e8re de la voiture, dont les vitres poss\u00e8dent une teinte plus fonc\u00e9e. Premi\u00e8re remarque lors de l\u2019ouverture de la porte\u00a0: les si\u00e8ges et l\u2019atmosph\u00e8re sont relativement frais. Je fais mon trajet tranquillement. \u00c0 l\u2019arriv\u00e9e, le paquet n\u2019avait pas chauff\u00e9 alors qu\u2019il avait \u00e9t\u00e9 expos\u00e9 au soleil. Je pense que j\u2019ai r\u00e9alis\u00e9 un bon investissement\u00a0! Je vous en donnerai des nouvelles cet \u00e9t\u00e9.<\/p>\n<p align=\"justify\">Par ailleurs, autre petite info sur ma tuture\u00a0! Lorsque je l\u2019avais achet\u00e9e, j\u2019avais un peu tiqu\u00e9 sur le prix\u00a0: 16000$, c\u2019est quand m\u00eame un investissement (en esp\u00e9rant r\u00e9cup\u00e9rer quelques deniers dans trois ans) m\u00eame si le prix est relativement justifi\u00e9 par le fait qu\u2019elle soit r\u00e9cente (un an) et que le kilom\u00e9trage est assez faible (36000 miles). En me rendant \u00e0 ma banque, j\u2019ai pu comparer le prix de ma voiture aux prix d\u2019autres voitures \u00e0 l\u2019aide du catalogue provenant de l\u2019entreprise dans laquelle je l\u2019avais achet\u00e9e\u00a0: je pense au final que j\u2019ai fait une assez bonne affaire. Des voitures de cet \u00e2ge avec ce kilom\u00e9trage se trouvaient plut\u00f4t aux alentours des 20000$ (hors taxes je pense, ce qui fait vite grimper le prix vers les 22000). Du coup, \u00e7a m\u2019a mis un peu de baume au c\u0153ur\u00a0!<\/p>\n<p><strong>Quand les co\u00efncidences vous poursuivent ou comment faire de la num\u00e9rologie \u00e0 2 cents\u00a0!<\/strong><\/p>\n<p align=\"justify\">Tiens, si on s\u2019accordait un petit moment de d\u00e9tente. Faisons ressortir certaines co\u00efncidences troublantes, histoire de rigoler un peu.<\/p>\n<ul>\n<li>\n<p align=\"justify\">19 mars 2012\u00a0: le jour de mon d\u00e9part \u00e9tait aussi le jour du 50\u00e8me anniversaire de l\u2019ind\u00e9pendance de l\u2019Alg\u00e9rie (c\u2019est une date assez importante pour toute une branche de ma famille)<\/p>\n<\/li>\n<li>\n<p align=\"justify\">Mon logement\u00a0: j\u2019habite la rue <em>Huebner Oaks<\/em>. Or <em>Oaks<\/em> en anglais signifie ch\u00eane mais aussi bois de ch\u00eanes. Pr\u00e8s de la maison familiale se trouve un bois de ch\u00eanes (nomm\u00e9 Bois des Ch\u00eanes, oui, c\u2019est assez original) qui a failli dispara\u00eetre&#8230; Bon en m\u00eame temps, je dois dire qu&rsquo;ici, le terme <em>oaks<\/em> est plus que r\u00e9pandu (je n\u2019ai jamais vu autant de ch\u00eanes de ma vie) mais tout de m\u00eame, c&rsquo;est assez remarquable je trouve<\/p>\n<\/li>\n<li>\n<p align=\"justify\">Mon t\u00e9l\u00e9phone professionnel\u00a0: au labo, j\u2019ai eu un num\u00e9ro de t\u00e9l\u00e9phone dont l\u2019extension \u00e9tait 394. Il ne fonctionnait pas et j\u2019ai d\u00fb changer de ligne. Ma nouvelle extension : 277. La somme des chiffres de chaque extension est identique. Troublant n\u2019est-ce pas\u00a0? En plus cette somme est \u00e9gale \u00e0 14, or 1+4=5 (je sais, j\u2019ai toujours \u00e9t\u00e9 dou\u00e9 en maths) ce qui correspond au mois de ma naissance<\/p>\n<\/li>\n<li>\n<p align=\"justify\">Mon num\u00e9ro de s\u00e9curit\u00e9 sociale am\u00e9ricain\u00a0: il comporte trois s\u00e9ries de chiffres. La somme de deux de ces s\u00e9ries est 15, le jour de mon anniversaire<\/p>\n<\/li>\n<\/ul>\n<p align=\"justify\">Voil\u00e0 pour les quelques co\u00efncidences assez troublantes du moment. Si jamais j\u2019en ai d\u2019autres, je n\u2019h\u00e9siterais pas \u00e0 les partager.<\/p>\n<p align=\"justify\">Sur ces bonnes paroles, je vais vous souhaiter une bonne semaine et vous dire \u00e0 bient\u00f4t (\u00e0 dans deux semaines \u00e0 moins qu\u2019il y ait vraiment des \u00e9v\u00e9nements int\u00e9ressants \u00e0 vous raconter)\u00a0!<\/p>\n","protected":false},"excerpt":{"rendered":"<p>C\u2019est parti pour un cinqui\u00e8me tour\u00a0!! Il faut bien dire que la routine commence clairement \u00e0 s\u2019installer&#8230; Il ne m\u2019arrive plus vraiment de choses passionnantes (en tout cas pour le moment). Je pense que le rythme des publications s\u2019\u00e9talera un peu (on va essayer un rythme bimensuel), histoire d\u2019avoir des choses \u00e0 vous raconter. Mais &hellip; <\/p>\n<p class=\"link-more\"><a href=\"https:\/\/blog.vaderf.com\/index.php\/2012\/04\/24\/mystere-et-vitres-teintees\/\" class=\"more-link\">Continuer la lecture<span class=\"screen-reader-text\"> de &laquo;&nbsp;Myst\u00e8re et vitres teint\u00e9es&#8230;&nbsp;&raquo;<\/span><\/a><\/p>\n","protected":false},"author":1,"featured_media":0,"comment_status":"open","ping_status":"open","sticky":false,"template":"","format":"standard","meta":{"footnotes":""},"categories":[3],"tags":[],"class_list":["post-48","post","type-post","status-publish","format-standard","hentry","category-san-antonio"],"_links":{"self":[{"href":"https:\/\/blog.vaderf.com\/index.php\/wp-json\/wp\/v2\/posts\/48","targetHints":{"allow":["GET"]}}],"collection":[{"href":"https:\/\/blog.vaderf.com\/index.php\/wp-json\/wp\/v2\/posts"}],"about":[{"href":"https:\/\/blog.vaderf.com\/index.php\/wp-json\/wp\/v2\/types\/post"}],"author":[{"embeddable":true,"href":"https:\/\/blog.vaderf.com\/index.php\/wp-json\/wp\/v2\/users\/1"}],"replies":[{"embeddable":true,"href":"https:\/\/blog.vaderf.com\/index.php\/wp-json\/wp\/v2\/comments?post=48"}],"version-history":[{"count":0,"href":"https:\/\/blog.vaderf.com\/index.php\/wp-json\/wp\/v2\/posts\/48\/revisions"}],"wp:attachment":[{"href":"https:\/\/blog.vaderf.com\/index.php\/wp-json\/wp\/v2\/media?parent=48"}],"wp:term":[{"taxonomy":"category","embeddable":true,"href":"https:\/\/blog.vaderf.com\/index.php\/wp-json\/wp\/v2\/categories?post=48"},{"taxonomy":"post_tag","embeddable":true,"href":"https:\/\/blog.vaderf.com\/index.php\/wp-json\/wp\/v2\/tags?post=48"}],"curies":[{"name":"wp","href":"https:\/\/api.w.org\/{rel}","templated":true}]}}