{"id":53,"date":"2012-05-06T22:17:24","date_gmt":"2012-05-07T03:17:24","guid":{"rendered":"http:\/\/vaderf.wordpress.com\/?p=53"},"modified":"2012-05-06T22:17:24","modified_gmt":"2012-05-07T03:17:24","slug":"hum-vous-avez-dit-roussi-lenfer-se-rapproche","status":"publish","type":"post","link":"https:\/\/blog.vaderf.com\/index.php\/2012\/05\/06\/hum-vous-avez-dit-roussi-lenfer-se-rapproche\/","title":{"rendered":"Hum vous avez dit roussi\u00a0? L\u2019enfer se rapproche&#8230;"},"content":{"rendered":"<p align=\"justify\">J\u2019esp\u00e8re que je ne vous ai pas trop manqu\u00e9\u00a0? Apr\u00e8s quinze jours d\u2019attente (interminables, je le sens), voici quelques petites nouvelles de votre petit fran\u00e7ais pr\u00e9f\u00e9r\u00e9 (enfin je l\u2019esp\u00e8re \ud83d\ude09 ) vivant de l\u2019autre c\u00f4t\u00e9 du globe\u00a0! Je dois bien vous avouer qu\u2019il n\u2019y a rien de bien neuf sous ce soleil qui commence \u00e0 devenir infernal. M\u2019en vais vous raconter tout de m\u00eame quelques petites histoires qui vous distrairont certainement.<\/p>\n<p><strong>Chaud devant\u00a0!!<\/strong><\/p>\n<p align=\"justify\">La premi\u00e8re chose que je me dois de vous communiquer concerne le temps\u00a0: eh bien mes amis, il va falloir que je me pr\u00e9pare \u00e0 l\u2019\u00e9t\u00e9. Lorsque j\u2019\u00e9tais arriv\u00e9 au mois de mars et jusqu\u2019\u00e0 la mi-avril, je m\u2019\u00e9tais dit que le temps n\u2019\u00e9tait pas si terrible que \u00e7a et que la chaleur \u00e9tait largement supportable. Les 30\u00b0C ne me faisaient pas vraiment peur&#8230; Mais \u00e7a, c\u2019\u00e9tait avant&#8230; (non je ne plagie pas un slogan de pub&#8230;) En effet, il semblerait que vers la mi-avril se produise un changement, comment dire, radical\u00a0!! Finalement, les vagues de chaleurs \u00e0 venir risque d\u2019\u00eatre beaucoup moins agr\u00e9ables que pr\u00e9vu.<\/p>\n<p align=\"justify\">Tout \u00e0 commencer vers la mi-avril. Du jour au lendemain, il s\u2019est mis \u00e0 faire beaucoup plus humide. L\u2019humidit\u00e9 croissante et la chaleur d\u00e9j\u00e0 bien pr\u00e9sente, je vous laisse imaginer le tableau\u00a0: une moiteur insupportable. Apr\u00e8s en avoir discut\u00e9 avec les autochtones, ces derniers m\u2019ont confi\u00e9 que ce n\u2019\u00e9tait rien compar\u00e9 \u00e0 l\u2019\u00e9t\u00e9 et que cela restait franchement agr\u00e9able&#8230; Je dois bien avouer que de mon c\u00f4t\u00e9, ce ne l\u2019est pas vraiment pour le moment. Mais peut-\u00eatre saurai-je appr\u00e9cier dans un futur proche ces temp\u00e9ratures dignes d\u2019un four. Parce que depuis la mi-avril, point de rel\u00e2chement\u00a0: chaque jour, la temp\u00e9rature augmente un petit peu (la derni\u00e8re semaine a plafonn\u00e9 \u00e0 34\u00b0C). Et comme les b\u00e2timents sont bien climatis\u00e9s, d\u00e8s que vous sortez, vous en prenez plein la poire. Du coup la <a href=\"http:\/\/fr.wikipedia.org\/wiki\/Vasodilatation\">vasodilatation<\/a>, vous savez tout de suite de quoi il en retourne\u00a0: la sensation est \u00e9trange (mais pas forc\u00e9ment d\u00e9sagr\u00e9able) et vous fait bien sentir que vous changer d\u2019environnement. Le fait de porter des v\u00eatements noirs n\u2019arrange bien \u00e9videmment rien \u00e0 l\u2019affaire. Ainsi mon sentiment de bienheureux du mois de mars s\u2019est \u00e9vapor\u00e9 telle une flaque d\u2019eau dans un d\u00e9sert\u00a0!! Par ailleurs, depuis que les pointes \u00e0 plus de 30\u00b0C arrivent r\u00e9guli\u00e8rement, mon climatiseur est entr\u00e9 en fonction\u00a0!! S\u2019il me l\u00e2che, je vous avouerai que je n\u2019ose pas imaginer l\u2019\u00e9tat dans lequel je vais me retrouver&#8230;<\/p>\n<p><strong>Fiesta Day<\/strong><\/p>\n<p align=\"justify\">Les mois d\u2019avril et surtout de mai sont synonymes en France d\u2019une quantit\u00e9 importante de jours f\u00e9ri\u00e9s. Eh bien ici, malheureusement pour moi, il n\u2019en est rien&#8230; ou presque. Effectivement, on a la chance d\u2019avoir deux jour f\u00e9ri\u00e9s, un chaque mois. Le premier concerne le Fiesta Day, sur lequel je vais revenir, et le second le Memorial Day (un peu notre 8 mai et 11 novembre).<\/p>\n<p align=\"justify\">Le Fiesta Day est un jour f\u00e9ri\u00e9 arrivant \u00e0 la fin de la Fiesta Week, le dernier vendredi du mois d\u2019avril. Ce jour f\u00e9ri\u00e9 est typique du Texas, vous ne le trouverai nulle part ailleurs. Il s\u2019agit de la semaine de comm\u00e9moration de la <a href=\"http:\/\/fr.wikipedia.org\/wiki\/Si%C3%A8ge_de_Fort_Alamo\">bataille d\u2019Alamo<\/a> (comme quoi les \u00c9tats-Unis ont tout de m\u00eame des jours historiques \u00e0 f\u00eater). Pour faire simple, cette bataille de 1836 est une bataille majeure dans la guerre d\u2019ind\u00e9pendance du Texas (qui \u00e9tait alors une province mexicaine), les mexicains tenant le fort que les texans voulaient prendre. D\u2019ailleurs, pour l\u2019anecdote, cette bataille a vu la triste fin de Davy Crockett (et de sa toque en peau de raton-laveur&#8230;). Du coup, comme la bataille fut remport\u00e9e et mena quelques temps apr\u00e8s \u00e0 l\u2019ind\u00e9pendance du Texas, il est normal que celle-ci fasse l\u2019objet d\u2019une f\u00eate nationale (au niveau de l\u2019\u00a0\u00c9tat du Texas). J\u2019ai appris par ailleurs que ce jour n\u2019a \u00e9t\u00e9 f\u00e9ri\u00e9 qu\u2019assez r\u00e9cemment par l\u2019\u00c9tat, chaque personne prenait auparavant un jour de cong\u00e9 s\u2019il souhaitait profiter de la f\u00eate. Durant cette semaine se produisent de nombreuses manifestations dont une bataille de fleur. Il doit aussi y avoir quelques d\u00e9fil\u00e9s. Pour ma part, j\u2019avais pr\u00e9vu de descendre en ville ce jour-l\u00e0 mais devant l\u2019affluence de la foule, je me suis d\u00e9sist\u00e9&#8230; Je tenterai l\u2019an prochain, lorsque, avec Winka, nous serons pr\u00eats \u00e0 braver la foule.<\/p>\n<p align=\"justify\">J\u2019ai cependant pu avoir un aper\u00e7u tr\u00e8s concret de ce qu\u2019il en retournait puisque le soir m\u00eame nous sommes all\u00e9s au restaurant en centre-ville avec des coll\u00e8gues de travail pour f\u00eater l\u2019anniversaire d\u2019Ian (il f\u00eatait ses 29 ans). Du coup, nous \u00e9tions descendu en taxi (vu la circulation, c\u2019\u00e9tait une tr\u00e8s bonne id\u00e9e) et le monde fut au rendez-vous\u00a0: m\u00eame si la circulation \u00e9tait fluide, la ville \u00e9tait vraiment bond\u00e9e. D\u2019ailleurs, voici encore une anecdote concernant le chauffeur de taxi qui nous a accompagn\u00e9 (ah, ces chauffeurs de taxi). Lorsque nous \u00e9tions mont\u00e9 dans sa voiture, j\u2019avais remarqu\u00e9 que son fond d\u2019\u00e9cran de t\u00e9l\u00e9phone repr\u00e9sentait l\u2019\u00e9cusson de l\u2019\u00e9quipe du Milan AC, chose assez rare pour \u00eatre not\u00e9e sachant qu\u2019ici, les fans de foot (ou soccer) se comptent sur les doigts d\u2019une main. Comme d\u2019habitude, nous lui avons dit que nous \u00e9tions de plusieurs nationalit\u00e9s et quand nous avons annonc\u00e9 qu\u2019il y avait un fran\u00e7ais dans la voiture, il \u00e9tait assez int\u00e9ress\u00e9\u00a0: rien de plus normal puisqu\u2019il \u00e9tait lui-m\u00eame fran\u00e7ais&#8230; Comme quoi le monde est petit. Il \u00e9tait ici pour faire ses \u00e9tudes et avait d\u00e9got\u00e9 un job de <em>taxi driver<\/em>. Nous avons parl\u00e9 un peu. Il semblerait que la communaut\u00e9 fran\u00e7aise soit tout de m\u00eame assez restreinte dans la r\u00e9gion d\u2019apr\u00e8s ce qu\u2019il m\u2019a dit. Et concernant le temps, la chaleur semble difficile \u00e0 supporter (\u00e7a promet vraiment). Il nous a d\u00e9pos\u00e9 devant le restaurant. Ce restaurant, nomm\u00e9 Feast (pour f\u00eate mais vous l\u2019auriez devin\u00e9), ressemblait beaucoup \u00e0 un bar \u00e0 tapas. D\u2019ailleurs la carte parlait d\u2019elle-m\u00eame\u00a0: il n\u2019y avait pas r\u00e9ellement de menu. Nous avons donc command\u00e9 en groupe pour go\u00fbter \u00e0 tout et je dois bien avouer que c\u2019est franchement une bonne adresse\u00a0: la cuisine est vraiment bonne. La soir\u00e9e fut elle-m\u00eame \u00e0 l\u2019image du repas. Cependant, bien que je comprenne de mieux ce que dise les gens, je n\u2019\u00e9tais pas vraiment tr\u00e8s actif dans les discussions et parfois le temps me paraissait long. Mais c\u2019\u00e9tait tout de m\u00eame agr\u00e9able de sortir un peu et d\u2019\u00eatre en compagnie. La soir\u00e9e s\u2019est termin\u00e9e raisonnable sur les coups de 2h du matin apr\u00e8s \u00eatre pass\u00e9 au bar en face de la r\u00e9sidence. En somme un bon anniversaire qu\u2019Ian a bien arros\u00e9 et qui, pour ma part, \u00e9tait beaucoup plus sobre. Vive le Fiesta Day\u00a0!<\/p>\n<p><strong>Quand les probl\u00e8mes de visa pointent le bout de leur nez\u00a0!<\/strong><\/p>\n<p align=\"justify\">Parlons quelques instants de mon travail. Comme vous le savez, je travaille principalement \u00e0 l\u2019institut dans lequel travaille mon superviseur mais \u00e9galement en parti au Centre M\u00e9dical de la ville pour \u00e9lever mes petits vers. Pour le moment, lors de mes interventions \u00e0 l\u2019h\u00f4pital, je suis encadr\u00e9 par Phil (le chercheur sp\u00e9cialiste du schistosome assez r\u00e9put\u00e9 mondialement), me montrant toutes les manipulations que j\u2019aurai \u00e0 faire prochainement avec mes b\u00e9b\u00eates. Et bien \u00e9videmment, pour travailler \u00e0 l\u2019h\u00f4pital, il faut que j\u2019obtienne leur autorisation.<\/p>\n<p align=\"justify\">Petite surprise la veille du Fiesta Day\u00a0: mon visa ne me permet pas de travailler \u00e0 l\u2019h\u00f4pital. En effet, sur mon visa n\u2019est mentionn\u00e9 que l\u2019institut et non l\u2019h\u00f4pital. Donc si jamais il y a un contr\u00f4le et que je suis seul dans le laboratoire de l\u2019h\u00f4pital\u00a0: direction la fronti\u00e8re et retour au pays du vin et du boursin&#8230; Il se pourrait donc que je doive faire une nouvelle demande de visa pour inclure les deux \u00e9tablissements, ce qui m\u2019obligerait \u00e0 un retour en France pour pouvoir faire valider mon visa dans mon pays d\u2019origine (en gros, il s\u2019agirait de revenir une semaine). Pour le moment, on essaye de voir s\u2019il n\u2019y aurait pas une autre solution car \u00e7a me ferait perdre du temps et de l\u2019argent (enfin, l\u2019argent du projet). Bien \u00e9videmment, je vous tiendrai au courant de cette aventure palpitante\u00a0!!!<\/p>\n<p><strong>Les autres co\u00efncidences du moment\u00a0!<\/strong><\/p>\n<p align=\"justify\">Comme promis, encore quelques co\u00efncidences qui m\u2019\u00e9taient sorties de la t\u00eate la fois derni\u00e8re\u00a0:<\/p>\n<ul>\n<li>\n<p align=\"justify\">mon num\u00e9ro de compte\u00a0: il contient entre autre les nombres 64 et 86. Si l\u2019on prend comme r\u00e9f\u00e9rence le num\u00e9ro de d\u00e9partement, ils correspondent respectivement aux Pyr\u00e9n\u00e9es Atlantiques (d\u00e9partement dont est issu ma branche paternelle) et \u00e0 la Vienne (d\u00e9partement dans lequel j\u2019ai fait ma th\u00e8se et j\u2019ai rencontr\u00e9 Winka). Curieux n\u2019est-ce pas\u00a0?<\/p>\n<\/li>\n<li>\n<p align=\"justify\">la rue dans laquelle se situe le laboratoire de la partie du Centre M\u00e9dical dans lequel je travail\u00a0: elle se nome Louis Pasteur. Vous me direz pour un Centre M\u00e9dical, c\u2019est assez logique mais je vous ferais remarquer qu\u2019il s\u2019agit d\u2019un fran\u00e7ais (\u00e7a aurait pu \u00eatre tout aussi bien un chercheur d\u2019une autre nationalit\u00e9).<\/p>\n<\/li>\n<\/ul>\n<p align=\"justify\">Voil\u00e0, ce sera tout pour les nouvelles de ces derniers quinze jours\u00a0!! En esp\u00e9rant vous retrouver dans la prochaine quinzaine\u00a0!!<\/p>\n<p align=\"justify\">Sur ce, je vous souhaite bien \u00e9videmment une bonne semaine ou un bon pont\u00a0!<\/p>\n","protected":false},"excerpt":{"rendered":"<p>J\u2019esp\u00e8re que je ne vous ai pas trop manqu\u00e9\u00a0? Apr\u00e8s quinze jours d\u2019attente (interminables, je le sens), voici quelques petites nouvelles de votre petit fran\u00e7ais pr\u00e9f\u00e9r\u00e9 (enfin je l\u2019esp\u00e8re \ud83d\ude09 ) vivant de l\u2019autre c\u00f4t\u00e9 du globe\u00a0! Je dois bien vous avouer qu\u2019il n\u2019y a rien de bien neuf sous ce soleil qui commence \u00e0 &hellip; <\/p>\n<p class=\"link-more\"><a href=\"https:\/\/blog.vaderf.com\/index.php\/2012\/05\/06\/hum-vous-avez-dit-roussi-lenfer-se-rapproche\/\" class=\"more-link\">Continuer la lecture<span class=\"screen-reader-text\"> de &laquo;&nbsp;Hum vous avez dit roussi\u00a0? L\u2019enfer se rapproche&#8230;&nbsp;&raquo;<\/span><\/a><\/p>\n","protected":false},"author":1,"featured_media":0,"comment_status":"open","ping_status":"open","sticky":false,"template":"","format":"standard","meta":{"footnotes":""},"categories":[3],"tags":[],"class_list":["post-53","post","type-post","status-publish","format-standard","hentry","category-san-antonio"],"_links":{"self":[{"href":"https:\/\/blog.vaderf.com\/index.php\/wp-json\/wp\/v2\/posts\/53","targetHints":{"allow":["GET"]}}],"collection":[{"href":"https:\/\/blog.vaderf.com\/index.php\/wp-json\/wp\/v2\/posts"}],"about":[{"href":"https:\/\/blog.vaderf.com\/index.php\/wp-json\/wp\/v2\/types\/post"}],"author":[{"embeddable":true,"href":"https:\/\/blog.vaderf.com\/index.php\/wp-json\/wp\/v2\/users\/1"}],"replies":[{"embeddable":true,"href":"https:\/\/blog.vaderf.com\/index.php\/wp-json\/wp\/v2\/comments?post=53"}],"version-history":[{"count":0,"href":"https:\/\/blog.vaderf.com\/index.php\/wp-json\/wp\/v2\/posts\/53\/revisions"}],"wp:attachment":[{"href":"https:\/\/blog.vaderf.com\/index.php\/wp-json\/wp\/v2\/media?parent=53"}],"wp:term":[{"taxonomy":"category","embeddable":true,"href":"https:\/\/blog.vaderf.com\/index.php\/wp-json\/wp\/v2\/categories?post=53"},{"taxonomy":"post_tag","embeddable":true,"href":"https:\/\/blog.vaderf.com\/index.php\/wp-json\/wp\/v2\/tags?post=53"}],"curies":[{"name":"wp","href":"https:\/\/api.w.org\/{rel}","templated":true}]}}