{"id":63,"date":"2012-07-23T23:22:08","date_gmt":"2012-07-24T04:22:08","guid":{"rendered":"http:\/\/vaderf.wordpress.com\/?p=63"},"modified":"2012-07-23T23:22:08","modified_gmt":"2012-07-24T04:22:08","slug":"une-absence-un-retour-une-surprise","status":"publish","type":"post","link":"https:\/\/blog.vaderf.com\/index.php\/2012\/07\/23\/une-absence-un-retour-une-surprise\/","title":{"rendered":"Une absence, un retour, une surprise !"},"content":{"rendered":"<p align=\"justify\">J\u2019esp\u00e8re ne pas vous avoir trop manqu\u00e9 durant cette longue absence. Il faut bien reconna\u00eetre que j\u2019ai pris mon temps, un peu plus que je ne l\u2019avais annonc\u00e9&#8230; Mais vous verrez pourquoi si vous me lisez jusqu\u2019au bout.<\/p>\n<p align=\"justify\">Tout d\u2019abord, quelques nouvelles g\u00e9n\u00e9rales\u00a0: ici tout va bien (si vous \u00e9tiez inquiets, vous voil\u00e0 rassur\u00e9s, si vous ne l\u2019\u00e9tiez, vous avez eu raison). De cette longue absence, j\u2019ai quelques histoires \u00e0 vous raconter. Certaines sont assez cocasses, d\u2019autres un peu moins dr\u00f4les&#8230;<\/p>\n<p align=\"justify\">C\u2019est donc reparti pour un tour du c\u00f4t\u00e9 de San Antonio, au pays des cow-boys, des sombreros et du soleil br\u00fblant.<\/p>\n<p><strong>Quand votre flore intestinale vous dit au revoir&#8230;<\/strong><\/p>\n<p align=\"justify\">Commen\u00e7ons bien, commen\u00e7ons fort\u00a0! Eh bien oui, comme vous pouvez le lire, le mois pr\u00e9c\u00e9dent fut celui d\u2019une perte\u00a0: celle de ma flore intestinale&#8230; Elle m\u2019a quitt\u00e9 avec pertes et fracas (cette expression n\u2019a d\u2019ailleurs jamais pris autant de sens qu\u2019ici) mais elle a quand m\u00eame eu le bon go\u00fbt de le faire un dimanche, le dimanche 10 juin.<\/p>\n<p align=\"justify\">Lorsqu\u2019on arrive dans un nouvel environnement et que l\u2019on consomme des produits locaux, il arrive parfois que notre flore intestinale doive d\u2019adapter. La transition peut se faire en douceur comme violemment&#8230; Pour ma part, les premi\u00e8res semaines se sont relativement bien pass\u00e9es m\u00eame si un des premiers repas au restaurant m\u2019avait laiss\u00e9 un peu vaseux. Je pensais donc que mon petit syst\u00e8me digestif s\u2019\u00e9tait fait de nouveaux amis sans souci. Me trompais-je lourdement que j\u2019en dus faire l\u2019exp\u00e9rience&#8230; Effectivement un germe pas tr\u00e8s amicale m\u2019a remis sur le droit chemin, m\u2019intoxiquant sans doute apr\u00e8s la consommation d\u2019un aliment contamin\u00e9 ou d\u2019une eau courante \u00e0 l\u2019assainissement douteux. Quoi que ce fusse, mon dimanche en f\u00fbt boulevers\u00e9 et moi avec. Crampes d\u2019estomac, vidanges sans m\u00e9nagement, je vous \u00e9pargnerai les d\u00e9tails d\u2019une bataille intestine plus que violente. Le tout s\u2019est accompagn\u00e9 d\u2019une fi\u00e8vre et surtout de courbatures qui m\u2019ont poursuivi les jours suivants, stigmates d\u2019une violente dispute physiologique. Autant vous dire que cette journ\u00e9e et la nuit qui suivit ne furent pas vraiment de tout repos. Mais cette crise, si violente fut-elle, ne dura pas tr\u00e8s longtemps\u00a0: apr\u00e8s un je\u00fbne le jour du lundi, les choses revinrent quasiment \u00e0 la normale le surlendemain.<\/p>\n<p align=\"justify\">Depuis ce temps-l\u00e0, plus de probl\u00e8me gastro-intestinal\u00a0: ceci m\u2019aura au moins apport\u00e9 une nouvelle flore sans doute plus adapt\u00e9e aux produits locaux. En souhaitant longue vie \u00e0 mes petits microbes et en esp\u00e9rant que cela ne se reproduise pas car une fois est bien suffisant, vous pouvez me croire.<\/p>\n<p><strong>&#8230;mais que vous vous faites un nouvel ami\u00a0!<\/strong><\/p>\n<p align=\"justify\">Cette crise intestinale fut aussi l\u2019occasion de me faire un nouvel ami&#8230; dont je me serai pass\u00e9&#8230; Et pour le coup, il ne s\u2019agissait pas de microbes\u00a0!<\/p>\n<p align=\"justify\">Lorsque je me suis couch\u00e9 ce soir-l\u00e0, mal en point que j\u2019\u00e9tais, j\u2019eus la surprise d\u2019entendre un bruit \u00e9trange derri\u00e8re la cloison de mon dressing, se situant \u00e0 la droite de ma chambre. J\u2019ai d\u2019abord attribu\u00e9 ce bruit \u00e0 mon voisin mais il se produisait par intermittence et se prolongeait dans la nuit. Je l\u2019ai alors assign\u00e9 \u00e0 un d\u00e9lire d\u00fb \u00e0 mon \u00e9tat fi\u00e9vreux mais cette conclusion ne semblait pas me satisfaire car je ne trouvai pas le sommeil. Une autre hypoth\u00e8se me vint semble-t-il plus convaincante pour mon esprit car me permettant de trouver les bras de Morph\u00e9e sans encombre\u00a0: il s\u2019agissait probablement d\u2019un petit mammif\u00e8re qui grattait \u00e0 la cloison. Je ne savais pas encore \u00e0 quel point j\u2019avais raison et \u00e0 quel point j\u2019allais le regretter&#8230;<\/p>\n<p align=\"justify\">Ce petit animal, rongeur ou insectivore, semblait s\u2019\u00eatre perdu et cherchait d\u00e9sesp\u00e9r\u00e9ment \u00e0 trouver une sortie. Je n\u2019avais encore aucune id\u00e9e de sa provenance et \u00e0 vrai dire l\u2019\u00e9tat dans lequel je me trouvais me pr\u00e9occupait plus que sa pr\u00e9sence. Cependant, ma fi\u00e8vre me r\u00e9veillait \u00e0 intervalle r\u00e9gulier et me permettait de suivre sa progression derri\u00e8re la cloison, l\u2019entendant gratter de plus en- plus pr\u00e8s, semblant creuser un tunnel pour rejoindre l\u2019ext\u00e9rieur. Au petit matin, j\u2019entendais des petits couinements. Le pensant entre mon b\u00e2timent et celui mitoyen, je m\u2019\u00e9tais dit qu\u2019il trouverait la sortie bient\u00f4t apr\u00e8s une nuit d\u2019effort. Pour ma part, je m\u2019\u00e9tais r\u00e9veill\u00e9 dans un \u00e9tat plus que vaseux ne sachant toujours pas si ce que j\u2019avais entendu pendant la nuit \u00e9tait bien r\u00e9el. Au final ce le fut, se rappelant \u00e0 mon bon souvenir \u00e0 plusieurs reprises au cours des jours suivants.<\/p>\n<p align=\"justify\">Apr\u00e8s cette nuit-l\u00e0 et durant les jours suivants, je n\u2019entendis plus de bruits derri\u00e8re ma cloison. En revanche, d\u2019autres bruits au niveau du plafond se produisirent. Ce n\u2019\u00e9tait pas la premi\u00e8re fois que je les entendais mais je les avais attribu\u00e9s \u00e0 mon cher et tendre voisin. \u00c0 la lumi\u00e8re de l\u2019hypoth\u00e8se de ma nuit enfi\u00e9vr\u00e9e, une nouvelle interpr\u00e9tation beaucoup plus pertinente m\u2019apparut\u00a0: il s\u2019agissait de plusieurs autres petits mammif\u00e8res se situant dans les combles du b\u00e2timent mitoyen&#8230; Ces combles devaient servir de nid \u00e0 ces derniers surtout durant la p\u00e9riode de reproduction dans laquelle nous devions \u00eatre. L\u2019animal derri\u00e8re la cloison avait \u00e9t\u00e9 alors probablement un des petits de la derni\u00e8re port\u00e9e ou bien un adulte maladroit. Quoiqu\u2019il en soit, je n\u2019avais finalement pas qu\u2019un seul nouvel ami mais toute une famille&#8230; Leur petit man\u00e8ge dura une bonne semaine avant de ne plus entendre aucun bruit. Durant ce m\u00eame temps, j\u2019ai tent\u00e9 de v\u00e9rifier s\u2019il existait un espace entre mon b\u00e2timent et le b\u00e2timent mitoyen expliquant peut-\u00eatre la pr\u00e9sence du malheureux\u00a0: aucun espace visible&#8230; J\u2019en tirai donc deux conclusions \u00e9videntes\u00a0: il doit exister un vide entre les cloisons des deux b\u00e2timents communiquant sans doute avec le comble de l\u2019autre b\u00e2timent et surtout, le malheureux n\u2019avait aucun moyen de s\u2019\u00e9chapper et peut-\u00eatre m\u00eame de faire demi-tour une fois dans son tunnel. Son sort avait d\u00fb \u00eatre scell\u00e9 cette triste nuit du dimanche au lundi. J\u2019en eus la confirmation quelque temps plus tard.<\/p>\n<p align=\"justify\">Le premier indice fut l\u2019odeur. En effet, au cours de la deuxi\u00e8me semaine suivant cet \u00e9v\u00e9nement une odeur insidieuse de pourriture se glissait petit \u00e0 petit dans l\u2019appartement. Pensant au d\u00e9but \u00e0 ma poubelle, le temps ext\u00e9rieur se r\u00e9chauffant quelque peu, je me suis vite aper\u00e7u de le pr\u00e9sence plus forte de cette odeur dans ma chambre plus que dans toute autre pi\u00e8ce. Bien que d\u00e9sagr\u00e9able, apr\u00e8s une heure dans l\u2019appartement je ne sentais plus rien. Ceci ne me d\u00e9rangea donc que moyennement. Et puis une semaine plus tard, plus rien. Je pensais que cela serait le point final de cette triste histoire. J\u2019\u00e9tais loin d\u2019imaginer qu\u2019un autre indice de la pr\u00e9sence du malheureux se manifesterait plus visiblement.<\/p>\n<p align=\"justify\">En effet, une semaine apr\u00e8s les derniers effluves apparurent l\u2019autre signe de la pr\u00e9sence d\u2019un cadavre\u00a0: les mouches. Ces mouches \u00e9taient typiquement des mouches \u00e0 viande que l\u2019on trouve sur des animaux en d\u00e9composition. Et il semblerait qu\u2019une partie au moins d\u2019entre elles aient suivi le m\u00eame chemin que ces chers effluves, confirmant une communication entre le montant de ma fen\u00eatre et le fatal espace entre les cloisons (mon b\u00e2timent ayant d\u00fb subir quelques d\u00e9formations depuis sa conception). Ainsi durant cinq jours, neuf mouches de taille imposante se sont point\u00e9es dans mon appartement, une \u00e0 une en g\u00e9n\u00e9ral, deux vers la fin. Redoutant une invasion massive qui ne se produisit pas \u00e0 mon plus grand bonheur, je pris le probl\u00e8me au s\u00e9rieux d\u00e8s le d\u00e9but\u00a0: journal enroul\u00e9, \u0153il aiguis\u00e9, geste vif. Sans doute une capacit\u00e9 h\u00e9rit\u00e9 de mon p\u00e8re, uniquement une seule surv\u00e9cu \u00e0 mon courroux. Cette p\u00e9riode fut d\u2019ailleurs propice au souvenir, lorsqu\u2019\u00e2g\u00e9 d\u2019une dizaine d\u2019ann\u00e9e et admirant le talent de mon p\u00e8re dans cet art, je l\u2019avais affectueusement surnomm\u00e9 de \u00ab\u00a0tapette \u00e0 mouche\u00a0\u00bb. Il m\u2019avait alors r\u00e9v\u00e9l\u00e9 que le mot tapette pouvait avoir un sens cach\u00e9 que je ne saisis qu\u2019\u00e0 moiti\u00e9 \u00e0 l\u2019\u00e9poque mais qui faisait que ce qualificatif n\u2019\u00e9tait g\u00e9n\u00e9ralement pas consid\u00e9r\u00e9e comme gratifiant. Mais durant ma basse besogne, je ne pus m\u2019emp\u00eacher de me consid\u00e9rer comme une tapette, dans le sens le plus glorieux du terme (si tant est qu\u2019il y en ait un).<\/p>\n<p align=\"justify\">Ainsi fut-il de la vie de mon nouvel ami qui trouva son terme \u00e0 l\u2019issu de mon jour de mal \u00eatre mais qui se rappela \u00e0 moi r\u00e9guli\u00e8rement par diff\u00e9rentes manifestations et dont les derniers instants sont immortalis\u00e9e maintenant par ces lignes. Nous ne pouvons maintenant lui souhaiter qu\u2019une seule chose\u00a0: RIP.<\/p>\n<p><strong>Voisins, chers voisins, que nous vous aimons\u00a0!<\/strong><\/p>\n<p align=\"justify\">Ses voisins, c\u2019est un peu comme ses coll\u00e8gues de travail, on ne les choisit pas&#8230; Dans certains cas, on a de la chance, ils restent plut\u00f4t tranquilles, dans d\u2019autres, c\u2019est un peu plus compliqu\u00e9. \u00c0 Poitiers, j\u2019avais d\u00e9j\u00e0 eu l\u2019occasion avec ma ch\u00e8re et tendre de go\u00fbter aux joies d\u2019un voisinage agit\u00e9. Cependant, une mise au point sur les deux heures du matin avec la menace d\u2019un appel aux autorit\u00e9s avait calm\u00e9 les jeux nocturnes. Je me demandais ce qu\u2019il en serait dans mon nouveau logement am\u00e9ricain.<\/p>\n<p align=\"justify\">Je dois bien dire que dans l\u2019ensemble je n\u2019ai eu aucun probl\u00e8me depuis mon arriv\u00e9e. Mais il semblerait qu\u2019un nouveau voisin se soit install\u00e9 tr\u00e8s r\u00e9cemment et que celui-ci ait \u00e0 la fois la bougeotte et le pas lourd&#8230; La conjonction des deux vous donne des bruits sourds incessants. Le plus d\u00e9sagr\u00e9able se produisant durant le week-end. Je ne sais pour quelles raisons obscures il doit se d\u00e9placer constamment entre sa cuisine et son salon (si le plan de son appartement est identique au mien, ce que je suppose) mais entendre ses pas \u00e0 longueur de journ\u00e9e est assez insupportable. Cependant, le bruit se produit toujours durant la journ\u00e9e et sans plus d\u2019exc\u00e8s que le bruit sourd (mais insistant) de ses pas. Pour le moment, j\u2019ai pris la d\u00e9cision d\u2019accepter ces bruits et de faire avec (ce qui fonctionne mais certains jours avec moins de r\u00e9ussite que d\u2019autres). Peut-\u00eatre prendrai-je la d\u00e9cision d\u2019aller le voir pour lui expliquer la situation mais je dois bien avouer que le faire dans une langue \u00e9trang\u00e8re ne me rassure pas trop d\u2019autant plus que j\u2019ai bien peur de faire un impair si la personne pr\u00e9sente un poids cons\u00e9quent. Donc pour le moment, observons. Mais une conclusion s\u2019impose, les constructions en bois ne semblent pas optimal pour ce genre d\u2019isolation phonique, sachant que tous les appartements poss\u00e8dent de la moquette qui est sens\u00e9e att\u00e9nuer les bruits de pas&#8230;<\/p>\n<p align=\"justify\">Cet \u00e9pisode fut aussi une occasion pour moi de me rem\u00e9morer un autre souvenir de mon enfance, lorsque moi aussi j\u2019avais le pas lourd et que mes parents me rappelaient \u00e0 l\u2019ordre et me d\u00e9montraient que marcher avec le talon n\u2019\u00e9tait pas vraiment le moyen le plus efficace de marcher silencieusement et de ne pas d\u00e9ranger les personnes \u00e0 l\u2019\u00e9tage inf\u00e9rieur. Comme quoi, l\u2019\u00e9ducation a tout de m\u00eame du bon&#8230;<\/p>\n<p><strong>Tautavel, mais ne serait-ce pas par chez moi\u00a0?!<\/strong><\/p>\n<p align=\"justify\">Voici une petite anecdote fort sympathique. Mon chef, Tim, a organis\u00e9 le dernier week-end de juin, une soir\u00e9e chez lui afin de r\u00e9unir des gens du laboratoire et de discuter d\u2019autres choses que de travail. C\u2019\u00e9tait fort agr\u00e9able et ceci nous a permis de faire la connaissance de sa femme et de ses enfants, tous fort sympathiques. Au cours du repas, quelques bouteilles de vin ont \u00e9t\u00e9 d\u00e9bouch\u00e9es et parmi l\u2019une d\u2019entre elles, se trouvait une bouteille d\u2019un domaine du village de&#8230; Tautavel&#8230;<\/p>\n<p align=\"justify\">Je leur ai fait part de ma surprise \u00e0 la lecture de l\u2019\u00e9tiquette, leur ai expliqu\u00e9 o\u00f9 se situait le village en question et quel fossile particulier avait \u00e9t\u00e9 d\u00e9couvert dans les ann\u00e9es 70, le plus vieux repr\u00e9sentant de la lign\u00e9e humaine en Europe. C\u2019est certainement la plus grosse surprise que j\u2019ai eu pour le moment. Mais c\u2019\u00e9tait une agr\u00e9able surprise qui m\u2019a permis de faire conna\u00eetre l\u2019une des r\u00e9gions que j\u2019ai habit\u00e9e (grand voyageur que je suis&#8230;).<\/p>\n<p><strong>Le steakhouse \u00e0 la mode br\u00e9silienne ou le temple de la viande\u00a0!<\/strong><\/p>\n<p align=\"justify\">L\u2019une de mes derni\u00e8res exp\u00e9riences culinaires du moment (tr\u00e8s r\u00e9cente puisque datant de vendredi) fut un d\u00eener dans un des steakhouses du centre-ville de San Antonio dignement nomm\u00e9 <a href=\"http:\/\/www.texasdebrazil.com\/\">Texas de Brazil<\/a>. Les Br\u00e9siliens semblent \u00eatre des consommateurs avertis de produits issus des diff\u00e9rentes parties du veau, du b\u0153uf ou encore de l\u2019agneau. Ils sembleraient exceller dans l\u2019art de griller ces diff\u00e9rentes parties (tout du moins comme me l\u2019a souffl\u00e9 le Br\u00e9silien de l\u2019Institut, notre cher Marcio). Il nous avaient \u00e9t\u00e9 conseill\u00e9 par l\u2019organisatrice du d\u00eener de je\u00fbner le fameux jour, chose que je fis.<\/p>\n<p align=\"justify\">Le soir venu, nous all\u00e2mes donc \u00e0 notre rendez-vous avec quelques coll\u00e8gues voisins. Une fois install\u00e9s, nous avons eu droit \u00e0 la petite explication concernant le fonctionnement des commandes\u00a0: si vous souhaitez des l\u00e9gumes, buffet \u00e0 volont\u00e9 \u00e0 quelques enjamb\u00e9s, si vous souhaitez de la viande, prenez votre petit jeton pr\u00e9sentant sa face rouge sur votre tableau et retournez-le pour que la face verte soit visible. \u00c0 partir de ce moment, les serveurs qui circulent avec les broches sur lesquelles se trouve la viande grill\u00e9e viendront vous voir et vous pourrez ou non accepter ce qu\u2019il vous propose. Autant vous dire que le concept entr\u00e9es \/ plat est \u00e0 oublier&#8230;<\/p>\n<p align=\"justify\">\u00c9tant de nature \u00e0 profiter de ce qu\u2019on m\u2019offre, j\u2019ai go\u00fbt\u00e9 \u00e0 toutes les viandes (ou presque). Je peux vous dire que si jamais vous souhaiter allez dans un steakhouse de qualit\u00e9, je ne saurais que trop vous le recommander. La viande \u00e9tait tout bonnement succulente\u00a0: filet de b\u0153uf et autres parties que je n\u2019ai pas vraiment reconnues, gigot d\u2019agneau, cuisses de poulet avec bacon, cuisses de poulet pan\u00e9es au parmesan, saucisses br\u00e9siliennes (qui est le seul met sans aucun int\u00e9r\u00eat car n\u2019\u00e9tant que graisse et peu go\u00fbteux). Autant vous dire que mon instinct carnassier s\u2019est bien r\u00e9veill\u00e9 et que les l\u00e9gumes furent mis un peu de c\u00f4t\u00e9. Bien qu\u2019ayant mang\u00e9 plus que de raison, je m\u2019\u00e9tais tout de m\u00eame octroy\u00e9 un petit dessert (cheesecake napp\u00e9 de caramel) accompagn\u00e9 d\u2019une liqueur ressemblant furieusement \u00e0 du Baileys.<\/p>\n<p align=\"justify\">Vint alors le moment de l\u2019addition. Si votre viande avait manqu\u00e9 d\u2019assaisonnement, soyez assur\u00e9 de trouver l\u2019addition bien sal\u00e9e. Je me suis donc dit que je n\u2019avais pas eu tort de ne pas me priver\u00a0: le forfait \u00e9tait de 42$ pour le menu \u00ab\u00a0viande\u00a0\u00bb. Autant vous dire qu\u2019ils ont largement de quoi se payer le bois et le charbon pour faire cuire assez de viande pour tout un quartier avec ce que vous leur laisserez&#8230; Mais bon, la qualit\u00e9 \u00e9tant l\u00e0, je n\u2019ai rien regrett\u00e9. Et j\u2019en connais une qui ne se privera pas non plus en ao\u00fbt&#8230;<\/p>\n<p align=\"justify\">Quoi qu\u2019il en soit, si vous \u00eatre v\u00e9g\u00e9tarien, vous l\u2019aurez compris, passez votre chemin\u00a0!&#8230;<\/p>\n<p><strong>La petite surprise qui s\u2019est tant fait attendre (mais que vous n\u2019attendiez sans doute pas&#8230;)\u00a0!<\/strong><\/p>\n<p align=\"justify\">L\u2019une des raisons du retard de cette publication \u00e9tait une chose que je devais faire depuis un an et que je m\u2019\u00e9tais oblig\u00e9 \u00e0 faire avant de publier ce nouveau billet. \u00c9tant obstin\u00e9 mais manquant un peu de courage, je dois dire que j\u2019ai un peu procrastin\u00e9&#8230; En m\u00eame temps, \u00e7a faisait un an que je procrastinais en fait. Quelle est donc cette chose si angoissante\u00a0?&#8230; Revenons un an en arri\u00e8re.<\/p>\n<p align=\"justify\">Juin 2011, Poitiers. Le temps de ce mois est plut\u00f4t beau (en tout cas, bien meilleur que celui de l\u2019ann\u00e9e qui suivra). Les jours du mois passent et nous arrivons au 15 juin. Mais qu\u2019y avait-il le 15 juin\u00a0? Oui, le premier mois de mes 27 ans (merci d\u2019y avoir pens\u00e9). C\u2019\u00e9tait aussi l\u2019anniversaire de Mich\u00e8le Laroque, Guy Bedos, Johnny, Claudre Brasseur (mais \u00e0 vrai dire, l\u00e0 n\u2019est pas vraiment le propos). Il s\u2019agissait surtout ce jour-l\u00e0 d\u2019un jour important pour moi\u00a0: ma soutenance de th\u00e8se\u00a0!<\/p>\n<p align=\"justify\">Comme certaines personnes n\u2019avaient pu assister \u00e0 ma soutenance (principalement mon fr\u00e8re qui \u00e9tait en Nouvelle-Z\u00e9lande \u00e0 cette \u00e9poque), j\u2019avais d\u00e9cid\u00e9 avec l\u2019aide d\u2019un ami de faire une vid\u00e9o de cette soutenance. La vid\u00e9o fut faite, le jour m\u00eame et j\u2019avais pr\u00e9vu de faire le montage dans le mois qui suivait. Mais je dois bien avouer que me voir en vid\u00e9o n\u2019est d\u00e9j\u00e0 pas vraiment une chose agr\u00e9able, voir ma propre soutenance ne faisait que faire resurgir des sensations de tension assez d\u00e9sagr\u00e9ables. Je remettais donc ce montage toujours \u00e0 plus tard.<\/p>\n<p align=\"justify\">Mais l\u2019anniversaire de ma soutenance venant, je m\u2019\u00e9tais dit que c\u2019\u00e9tait l\u2019occasion de retenter la chose. Eh bien m\u00eame un an apr\u00e8s, les sensations sont toujours-l\u00e0 bien qu\u2019un peu moins fortes. N\u00e9anmoins, je m\u2019\u00e9tais dit que si je ne le faisais pas maintenant, je ne le ferais jamais (ce qui se serait sans doute av\u00e9r\u00e9 juste). Apr\u00e8s un peu de procrastination, je m\u2019y suis mis mi-juillet. Finalement, en une semaine, l\u2019affaire \u00e9tait boucl\u00e9. Je dois bien avouer que ce fut plus facile que pr\u00e9vu. Cela sans doute pour une raison simple, c\u2019est que j\u2019ai commenc\u00e9 par monter les moments les plus sympa (sur la fin), ce qui finalement m\u2019a donn\u00e9 plut\u00f4t une impression positive. Cependant, je pense que je ne serais sans doute jamais capable de regarder cette vid\u00e9o en entier ou alors dans une bonne paire de d\u00e9cennie si ce n\u2019est pas plus.<\/p>\n<p align=\"justify\">Vous trouverez donc le fruit de ce travail pour ceux qui souhaitent voir ma soutenance (ceux qui n\u2019y ont pas assist\u00e9 ou ceux qui sont curieux de la chose). Je dois remercier Seb pour sa cruciale participation (ayant fourni le mat\u00e9riel et \u00e9t\u00e9 le r\u00e9alisateur). Voil\u00e0 donc la fameuse surprise que vous pourrez la t\u00e9l\u00e9charger <a href=\"http:\/\/dl.free.fr\/mwSk9ODZw\">ici<\/a> (si jamais le lien n\u2019est pas valide, laissez-moi un commentaire et j\u2019y rem\u00e9dierai). La vid\u00e9o est au format ogv et n\u2019est lisible que sur un ordinateur. Si vous n\u2019arrivez pas \u00e0 la lire, vous pouvez t\u00e9l\u00e9charger le lecteur libre <a href=\"http:\/\/www.videolan.org\/vlc\/\">VLC<\/a>. La qualit\u00e9 sonore n\u2019est pas optimale, ayant fait ce que j\u2019ai pu pour am\u00e9liorer les choses en post-production (eh oui, employons le jargon appropri\u00e9). En esp\u00e9rant que vous passerez tout de m\u00eame un moment agr\u00e9able.<\/p>\n<p align=\"justify\">Et voil\u00e0, ainsi se termine ce billet. Comme vous pouvez le voir, je me suis bien rattrap\u00e9. Et encore, j\u2019aurais pu en dire plus mais je me r\u00e9serve quelques petites choses pour le mois de septembre. Eh oui, nous ne nous retrouverons pas avant la rentr\u00e9e, non pas que je m\u2019accorde une pause estivale car je n\u2019en ai clairement pas (rappelez-vous que je n\u2019ai que deux semaines de vacances et qu\u2019elles ne se pointeront pas avant d\u00e9cembre&#8230;). La raison profonde et essentielle de cette absence n\u2019est autre que la pr\u00e9sence de ma ch\u00e8re et tendre Winka durant ce mois. Elle passera un \u00e9t\u00e9 studieux puisque r\u00e9digeant sa th\u00e8se (ce qui tombe bien car je serai au travail). Mais les week-end, eux, seront consacr\u00e9s \u00e0 la visite des environs que j\u2019ai somme toute assez peu explor\u00e9s finalement.<\/p>\n<p align=\"justify\">Donc ne perdez pas l\u2019endurance que vous avez acquise durant ces quasiment deux mois d\u2019attente\u00a0!<\/p>\n<p align=\"justify\">En vous souhaitant un bon \u00e9t\u00e9 et de bonnes vacances pour les plus chanceux.<\/p>\n<p align=\"justify\">\u00c0 la prochaine\u00a0!<\/p>\n","protected":false},"excerpt":{"rendered":"<p>J\u2019esp\u00e8re ne pas vous avoir trop manqu\u00e9 durant cette longue absence. Il faut bien reconna\u00eetre que j\u2019ai pris mon temps, un peu plus que je ne l\u2019avais annonc\u00e9&#8230; Mais vous verrez pourquoi si vous me lisez jusqu\u2019au bout. Tout d\u2019abord, quelques nouvelles g\u00e9n\u00e9rales\u00a0: ici tout va bien (si vous \u00e9tiez inquiets, vous voil\u00e0 rassur\u00e9s, si &hellip; <\/p>\n<p class=\"link-more\"><a href=\"https:\/\/blog.vaderf.com\/index.php\/2012\/07\/23\/une-absence-un-retour-une-surprise\/\" class=\"more-link\">Continuer la lecture<span class=\"screen-reader-text\"> de &laquo;&nbsp;Une absence, un retour, une surprise !&nbsp;&raquo;<\/span><\/a><\/p>\n","protected":false},"author":1,"featured_media":0,"comment_status":"open","ping_status":"open","sticky":false,"template":"","format":"standard","meta":{"footnotes":""},"categories":[3],"tags":[],"class_list":["post-63","post","type-post","status-publish","format-standard","hentry","category-san-antonio"],"_links":{"self":[{"href":"https:\/\/blog.vaderf.com\/index.php\/wp-json\/wp\/v2\/posts\/63","targetHints":{"allow":["GET"]}}],"collection":[{"href":"https:\/\/blog.vaderf.com\/index.php\/wp-json\/wp\/v2\/posts"}],"about":[{"href":"https:\/\/blog.vaderf.com\/index.php\/wp-json\/wp\/v2\/types\/post"}],"author":[{"embeddable":true,"href":"https:\/\/blog.vaderf.com\/index.php\/wp-json\/wp\/v2\/users\/1"}],"replies":[{"embeddable":true,"href":"https:\/\/blog.vaderf.com\/index.php\/wp-json\/wp\/v2\/comments?post=63"}],"version-history":[{"count":0,"href":"https:\/\/blog.vaderf.com\/index.php\/wp-json\/wp\/v2\/posts\/63\/revisions"}],"wp:attachment":[{"href":"https:\/\/blog.vaderf.com\/index.php\/wp-json\/wp\/v2\/media?parent=63"}],"wp:term":[{"taxonomy":"category","embeddable":true,"href":"https:\/\/blog.vaderf.com\/index.php\/wp-json\/wp\/v2\/categories?post=63"},{"taxonomy":"post_tag","embeddable":true,"href":"https:\/\/blog.vaderf.com\/index.php\/wp-json\/wp\/v2\/tags?post=63"}],"curies":[{"name":"wp","href":"https:\/\/api.w.org\/{rel}","templated":true}]}}